{"id":6452,"date":"2019-10-15T11:34:23","date_gmt":"2019-10-15T10:34:23","guid":{"rendered":"http:\/\/www.jugendsozialarbeit-evangelisch.de\/?p=6452"},"modified":"2022-01-17T10:50:53","modified_gmt":"2022-01-17T09:50:53","slug":"was-geht-so-im-jugendhaus-maedchentreff-am-buegel-ab-rueckblick-ueber-den-sommer","status":"publish","type":"post","link":"https:\/\/www.jugendsozialarbeit-evangelisch.de\/sf\/2019\/10\/15\/was-geht-so-im-jugendhaus-maedchentreff-am-buegel-ab-rueckblick-ueber-den-sommer\/","title":{"rendered":"(Deutsch) Was ging so im Jugendhaus &#038; M\u00e4dchentreff am B\u00fcgel ab? &#8211; R\u00fcckblick \u00fcber den Sommer"},"content":{"rendered":"<p class=\"qtranxs-available-languages-message qtranxs-available-languages-message-sf\">Leider ist der Eintrag nur auf <a href=\"https:\/\/www.jugendsozialarbeit-evangelisch.de\/de\/wp-json\/wp\/v2\/posts\/6452\" class=\"qtranxs-available-language-link qtranxs-available-language-link-de\" title=\"Deutsch\">Deutsch<\/a> verf\u00fcgbar.<\/p>","protected":false},"excerpt":{"rendered":"<p>Leider ist der Eintrag nur auf Deutsch verf\u00fcgbar.<\/p>\n","protected":false},"author":5,"featured_media":6444,"comment_status":"open","ping_status":"closed","sticky":false,"template":"","format":"standard","meta":{"_acf_changed":false,"footnotes":""},"categories":[1,47],"tags":[],"class_list":["post-6452","post","type-post","status-publish","format-standard","has-post-thumbnail","hentry","category-allgemein","category-neuigkeiten"],"acf":[],"_links":{"self":[{"href":"https:\/\/www.jugendsozialarbeit-evangelisch.de\/sf\/wp-json\/wp\/v2\/posts\/6452","targetHints":{"allow":["GET"]}}],"collection":[{"href":"https:\/\/www.jugendsozialarbeit-evangelisch.de\/sf\/wp-json\/wp\/v2\/posts"}],"about":[{"href":"https:\/\/www.jugendsozialarbeit-evangelisch.de\/sf\/wp-json\/wp\/v2\/types\/post"}],"author":[{"embeddable":true,"href":"https:\/\/www.jugendsozialarbeit-evangelisch.de\/sf\/wp-json\/wp\/v2\/users\/5"}],"replies":[{"embeddable":true,"href":"https:\/\/www.jugendsozialarbeit-evangelisch.de\/sf\/wp-json\/wp\/v2\/comments?post=6452"}],"version-history":[{"count":5,"href":"https:\/\/www.jugendsozialarbeit-evangelisch.de\/sf\/wp-json\/wp\/v2\/posts\/6452\/revisions"}],"predecessor-version":[{"id":6460,"href":"https:\/\/www.jugendsozialarbeit-evangelisch.de\/sf\/wp-json\/wp\/v2\/posts\/6452\/revisions\/6460"}],"wp:featuredmedia":[{"embeddable":true,"href":"https:\/\/www.jugendsozialarbeit-evangelisch.de\/sf\/wp-json\/wp\/v2\/media\/6444"}],"wp:attachment":[{"href":"https:\/\/www.jugendsozialarbeit-evangelisch.de\/sf\/wp-json\/wp\/v2\/media?parent=6452"}],"wp:term":[{"taxonomy":"category","embeddable":true,"href":"https:\/\/www.jugendsozialarbeit-evangelisch.de\/sf\/wp-json\/wp\/v2\/categories?post=6452"},{"taxonomy":"post_tag","embeddable":true,"href":"https:\/\/www.jugendsozialarbeit-evangelisch.de\/sf\/wp-json\/wp\/v2\/tags?post=6452"}],"curies":[{"name":"wp","href":"https:\/\/api.w.org\/{rel}","templated":true}]}}